{"id":2868,"date":"2025-07-09T14:25:07","date_gmt":"2025-07-09T14:25:07","guid":{"rendered":"https:\/\/www.idesa.com.py\/blog\/?p=2868"},"modified":"2025-07-09T14:25:08","modified_gmt":"2025-07-09T14:25:08","slug":"%f0%9f%8f%96%ef%b8%8f-lucas-marcelo-adolfo-krause-gano-un-viaje-a-porto-de-galinhas-con-inmobiliaria-del-este-te-premia-estas-participando","status":"publish","type":"post","link":"https:\/\/www.idesa.com.py\/blog\/%f0%9f%8f%96%ef%b8%8f-lucas-marcelo-adolfo-krause-gano-un-viaje-a-porto-de-galinhas-con-inmobiliaria-del-este-te-premia-estas-participando\/","title":{"rendered":"\ud83c\udfd6\ufe0f \u00a1Lucas Marcelo Adolfo Krause gan\u00f3 un viaje a Porto de Galinhas con \u201cInmobiliaria del Este Te Premia\u201d! \u00bfEst\u00e1s participando?"},"content":{"rendered":"\n<p class=\"has-medium-font-size\">\u00a1S\u00ed, lo le\u00edste bien!<br><strong>Lucas Marcelo Adolfo Krause<\/strong> ya es parte de una historia inolvidable: fue el <strong>primer ganador del gran sorteo anual<\/strong> de la campa\u00f1a <strong>\u201cInmobiliaria del Este Te Premia\u201d<\/strong> y muy pronto estar\u00e1 conociendo <strong>Porto de Galinhas<\/strong>, uno de los destinos m\u00e1s paradis\u00edacos de Brasil. \ud83c\udf34\u2600\ufe0f<\/p>\n\n\n\n<p class=\"has-medium-font-size\">Este no es un premio cualquiera\u2026<br>Es <strong>un viaje so\u00f1ado<\/strong> que premia su compromiso como cliente.<br>Un reconocimiento real a quienes creen en su futuro y cumplen con su lote.<\/p>\n\n\n\n<figure class=\"wp-block-image size-large\"><img fetchpriority=\"high\" decoding=\"async\" width=\"819\" height=\"1024\" src=\"https:\/\/www.idesa.com.py\/blog\/wp-content\/uploads\/2025\/07\/ganador-1-819x1024.jpg\" alt=\"\" class=\"wp-image-2870\" srcset=\"https:\/\/www.idesa.com.py\/blog\/wp-content\/uploads\/2025\/07\/ganador-1-819x1024.jpg 819w, https:\/\/www.idesa.com.py\/blog\/wp-content\/uploads\/2025\/07\/ganador-1-240x300.jpg 240w, https:\/\/www.idesa.com.py\/blog\/wp-content\/uploads\/2025\/07\/ganador-1-768x960.jpg 768w, https:\/\/www.idesa.com.py\/blog\/wp-content\/uploads\/2025\/07\/ganador-1-1229x1536.jpg 1229w, https:\/\/www.idesa.com.py\/blog\/wp-content\/uploads\/2025\/07\/ganador-1-370x463.jpg 370w, https:\/\/www.idesa.com.py\/blog\/wp-content\/uploads\/2025\/07\/ganador-1-760x950.jpg 760w, https:\/\/www.idesa.com.py\/blog\/wp-content\/uploads\/2025\/07\/ganador-1.jpg 1280w\" sizes=\"(max-width: 819px) 100vw, 819px\" \/><\/figure>\n\n\n\n<h2 class=\"wp-block-heading has-large-font-size\">\ud83c\udf9f\ufe0f Participar es f\u00e1cil y autom\u00e1tico<\/h2>\n\n\n\n<p class=\"has-medium-font-size\">Cada vez que pag\u00e1s tu cuota, tu comprobante incluye <strong>un c\u00f3digo \u00fanico<\/strong>.<br>\ud83d\udcf2 Ingresalo en nuestra app y <strong>ya est\u00e1s participando<\/strong>. \u00a1As\u00ed de simple!<\/p>\n\n\n\n<p class=\"has-medium-font-size\">No te quedes afuera: cada pago es una nueva oportunidad de ganar.<\/p>\n\n\n\n<h2 class=\"wp-block-heading has-large-font-size\">\ud83d\udecb\ufe0f Premios todos los meses<\/h2>\n\n\n\n<p class=\"has-medium-font-size\">Adem\u00e1s del viaje, sorteamos <strong>electrodom\u00e9sticos todos los meses<\/strong>:<\/p>\n\n\n\n<p class=\"has-medium-font-size\">\ud83c\udf81 Porque en Inmobiliaria del Este <strong>reconocemos tu esfuerzo<\/strong> constantemente, no solo una vez al a\u00f1o.<\/p>\n\n\n\n<h2 class=\"wp-block-heading has-large-font-size\">\u2708\ufe0f Todav\u00eda queda otro viaje\u2026<\/h2>\n\n\n\n<p class=\"has-medium-font-size\">S\u00ed, <strong>a\u00fan falta un segundo gran viaje por sortear este a\u00f1o<\/strong>, y vos pod\u00e9s ser el pr\u00f3ximo protagonista.<br>Lucas ya est\u00e1 preparando las maletas, y tu historia podr\u00eda ser la que contemos muy pronto.<\/p>\n\n\n\n<hr class=\"wp-block-separator has-alpha-channel-opacity\"\/>\n\n\n\n<p class=\"has-medium-font-size\">\u2705 Pag\u00e1 tu cuota<br>\u2705 Revis\u00e1 tu comprobante<br>\u2705 Ingres\u00e1 el c\u00f3digo en nuestra app<br>\u2705 \u00a1Y particip\u00e1 por grandes premios!<\/p>\n\n\n\n<hr class=\"wp-block-separator has-alpha-channel-opacity\"\/>\n\n\n\n<p class=\"has-medium-font-size\"><strong>Inmobiliaria del Este Te Premia<\/strong><br>Porque cumplir tiene recompensa.<br>\u00bfEst\u00e1s listo para tu pr\u00f3ximo destino?<\/p>\n","protected":false},"excerpt":{"rendered":"<p>Ganador de Inmobiliaria del Este Te premia.<\/p>\n","protected":false},"author":990004,"featured_media":2869,"comment_status":"open","ping_status":"closed","sticky":true,"template":"","format":"standard","meta":{"footnotes":""},"categories":[60,67],"tags":[76,85,72,71,74,70,63,75,65,73],"class_list":["post-2868","post","type-post","status-publish","format-standard","has-post-thumbnail","hentry","category-intereses","category-noticias","tag-inmobiliaria-del-este","tag-inmobiliaria-del-este-te-premia","tag-inmobiliaria-en-paraguay","tag-inversion-en-paraguay","tag-la-loteadora","tag-loteamientos-en-paraguay","tag-maximo-respaldo-a-tu-inversion","tag-raices","tag-top-of-mind","tag-urba"],"yoast_head":"<!-- This site is optimized with the Yoast SEO plugin v24.0 - https:\/\/yoast.com\/wordpress\/plugins\/seo\/ -->\n<title>\ud83c\udfd6\ufe0f \u00a1Lucas Marcelo Adolfo Krause gan\u00f3 un viaje a Porto de Galinhas con \u201cInmobiliaria del Este Te Premia\u201d! \u00bfEst\u00e1s participando? - Blog Inmobiliaria del Este<\/title>\n<meta name=\"robots\" content=\"noindex, follow, max-snippet:-1, max-image-preview:large, max-video-preview:-1\" \/>\n<meta property=\"og:locale\" content=\"es_MX\" \/>\n<meta property=\"og:type\" content=\"article\" \/>\n<meta property=\"og:title\" content=\"\ud83c\udfd6\ufe0f \u00a1Lucas Marcelo Adolfo Krause gan\u00f3 un viaje a Porto de Galinhas con \u201cInmobiliaria del Este Te Premia\u201d! \u00bfEst\u00e1s participando? - Blog Inmobiliaria del Este\" \/>\n<meta property=\"og:description\" content=\"Ganador de Inmobiliaria del Este Te premia.\" \/>\n<meta property=\"og:url\" content=\"https:\/\/www.idesa.com.py\/blog\/\ud83c\udfd6\ufe0f-lucas-marcelo-adolfo-krause-gano-un-viaje-a-porto-de-galinhas-con-inmobiliaria-del-este-te-premia-estas-participando\/\" \/>\n<meta property=\"og:site_name\" content=\"Blog Inmobiliaria del Este\" \/>\n<meta property=\"article:publisher\" content=\"https:\/\/www.facebook.com\/IdesaPY\" \/>\n<meta property=\"article:published_time\" content=\"2025-07-09T14:25:07+00:00\" \/>\n<meta property=\"article:modified_time\" content=\"2025-07-09T14:25:08+00:00\" \/>\n<meta property=\"og:image\" content=\"https:\/\/www.idesa.com.py\/blog\/wp-content\/uploads\/2025\/07\/ganador.jpg\" \/>\n\t<meta property=\"og:image:width\" content=\"531\" \/>\n\t<meta property=\"og:image:height\" content=\"446\" \/>\n\t<meta property=\"og:image:type\" content=\"image\/jpeg\" \/>\n<meta name=\"author\" content=\"Gabriela Gimenez\" \/>\n<meta name=\"twitter:card\" content=\"summary_large_image\" \/>\n<meta name=\"twitter:creator\" content=\"@Idesa_py\" \/>\n<meta name=\"twitter:site\" content=\"@Idesa_py\" \/>\n<meta name=\"twitter:label1\" content=\"Escrito por\" \/>\n\t<meta name=\"twitter:data1\" content=\"Gabriela Gimenez\" \/>\n\t<meta name=\"twitter:label2\" content=\"Tiempo de lectura\" \/>\n\t<meta name=\"twitter:data2\" content=\"2 minutos\" \/>\n<script type=\"application\/ld+json\" class=\"yoast-schema-graph\">{\"@context\":\"https:\/\/schema.org\",\"@graph\":[{\"@type\":\"Article\",\"@id\":\"https:\/\/www.idesa.com.py\/blog\/%f0%9f%8f%96%ef%b8%8f-lucas-marcelo-adolfo-krause-gano-un-viaje-a-porto-de-galinhas-con-inmobiliaria-del-este-te-premia-estas-participando\/#article\",\"isPartOf\":{\"@id\":\"https:\/\/www.idesa.com.py\/blog\/%f0%9f%8f%96%ef%b8%8f-lucas-marcelo-adolfo-krause-gano-un-viaje-a-porto-de-galinhas-con-inmobiliaria-del-este-te-premia-estas-participando\/\"},\"author\":{\"name\":\"Gabriela Gimenez\",\"@id\":\"https:\/\/www.idesa.com.py\/blog\/#\/schema\/person\/d9d4ffc5c2216b8c269af4e242e7409b\"},\"headline\":\"\ud83c\udfd6\ufe0f \u00a1Lucas Marcelo Adolfo Krause gan\u00f3 un viaje a Porto de Galinhas con \u201cInmobiliaria del Este Te Premia\u201d! \u00bfEst\u00e1s participando?\",\"datePublished\":\"2025-07-09T14:25:07+00:00\",\"dateModified\":\"2025-07-09T14:25:08+00:00\",\"mainEntityOfPage\":{\"@id\":\"https:\/\/www.idesa.com.py\/blog\/%f0%9f%8f%96%ef%b8%8f-lucas-marcelo-adolfo-krause-gano-un-viaje-a-porto-de-galinhas-con-inmobiliaria-del-este-te-premia-estas-participando\/\"},\"wordCount\":256,\"commentCount\":0,\"publisher\":{\"@id\":\"https:\/\/www.idesa.com.py\/blog\/#organization\"},\"image\":{\"@id\":\"https:\/\/www.idesa.com.py\/blog\/%f0%9f%8f%96%ef%b8%8f-lucas-marcelo-adolfo-krause-gano-un-viaje-a-porto-de-galinhas-con-inmobiliaria-del-este-te-premia-estas-participando\/#primaryimage\"},\"thumbnailUrl\":\"https:\/\/www.idesa.com.py\/blog\/wp-content\/uploads\/2025\/07\/ganador.jpg\",\"keywords\":[\"INMOBILIARIA DEL ESTE\",\"inmobiliaria del este te premia\",\"inmobiliaria en paraguay\",\"inversion en paraguay\",\"LA LOTEADORA\",\"loteamientos en paraguay\",\"M\u00e1ximo respaldo a tu inversi\u00f3n\",\"RAICES\",\"Top of mind\",\"URBA\"],\"articleSection\":[\"Intereses\",\"Noticias\"],\"inLanguage\":\"es\",\"potentialAction\":[{\"@type\":\"CommentAction\",\"name\":\"Comment\",\"target\":[\"https:\/\/www.idesa.com.py\/blog\/%f0%9f%8f%96%ef%b8%8f-lucas-marcelo-adolfo-krause-gano-un-viaje-a-porto-de-galinhas-con-inmobiliaria-del-este-te-premia-estas-participando\/#respond\"]}]},{\"@type\":\"WebPage\",\"@id\":\"https:\/\/www.idesa.com.py\/blog\/%f0%9f%8f%96%ef%b8%8f-lucas-marcelo-adolfo-krause-gano-un-viaje-a-porto-de-galinhas-con-inmobiliaria-del-este-te-premia-estas-participando\/\",\"url\":\"https:\/\/www.idesa.com.py\/blog\/%f0%9f%8f%96%ef%b8%8f-lucas-marcelo-adolfo-krause-gano-un-viaje-a-porto-de-galinhas-con-inmobiliaria-del-este-te-premia-estas-participando\/\",\"name\":\"\ud83c\udfd6\ufe0f \u00a1Lucas Marcelo Adolfo Krause gan\u00f3 un viaje a Porto de Galinhas con \u201cInmobiliaria del Este Te Premia\u201d! \u00bfEst\u00e1s participando? - Blog Inmobiliaria del Este\",\"isPartOf\":{\"@id\":\"https:\/\/www.idesa.com.py\/blog\/#website\"},\"primaryImageOfPage\":{\"@id\":\"https:\/\/www.idesa.com.py\/blog\/%f0%9f%8f%96%ef%b8%8f-lucas-marcelo-adolfo-krause-gano-un-viaje-a-porto-de-galinhas-con-inmobiliaria-del-este-te-premia-estas-participando\/#primaryimage\"},\"image\":{\"@id\":\"https:\/\/www.idesa.com.py\/blog\/%f0%9f%8f%96%ef%b8%8f-lucas-marcelo-adolfo-krause-gano-un-viaje-a-porto-de-galinhas-con-inmobiliaria-del-este-te-premia-estas-participando\/#primaryimage\"},\"thumbnailUrl\":\"https:\/\/www.idesa.com.py\/blog\/wp-content\/uploads\/2025\/07\/ganador.jpg\",\"datePublished\":\"2025-07-09T14:25:07+00:00\",\"dateModified\":\"2025-07-09T14:25:08+00:00\",\"breadcrumb\":{\"@id\":\"https:\/\/www.idesa.com.py\/blog\/%f0%9f%8f%96%ef%b8%8f-lucas-marcelo-adolfo-krause-gano-un-viaje-a-porto-de-galinhas-con-inmobiliaria-del-este-te-premia-estas-participando\/#breadcrumb\"},\"inLanguage\":\"es\",\"potentialAction\":[{\"@type\":\"ReadAction\",\"target\":[\"https:\/\/www.idesa.com.py\/blog\/%f0%9f%8f%96%ef%b8%8f-lucas-marcelo-adolfo-krause-gano-un-viaje-a-porto-de-galinhas-con-inmobiliaria-del-este-te-premia-estas-participando\/\"]}]},{\"@type\":\"ImageObject\",\"inLanguage\":\"es\",\"@id\":\"https:\/\/www.idesa.com.py\/blog\/%f0%9f%8f%96%ef%b8%8f-lucas-marcelo-adolfo-krause-gano-un-viaje-a-porto-de-galinhas-con-inmobiliaria-del-este-te-premia-estas-participando\/#primaryimage\",\"url\":\"https:\/\/www.idesa.com.py\/blog\/wp-content\/uploads\/2025\/07\/ganador.jpg\",\"contentUrl\":\"https:\/\/www.idesa.com.py\/blog\/wp-content\/uploads\/2025\/07\/ganador.jpg\",\"width\":531,\"height\":446},{\"@type\":\"BreadcrumbList\",\"@id\":\"https:\/\/www.idesa.com.py\/blog\/%f0%9f%8f%96%ef%b8%8f-lucas-marcelo-adolfo-krause-gano-un-viaje-a-porto-de-galinhas-con-inmobiliaria-del-este-te-premia-estas-participando\/#breadcrumb\",\"itemListElement\":[{\"@type\":\"ListItem\",\"position\":1,\"name\":\"Inicio\",\"item\":\"https:\/\/www.idesa.com.py\/blog\/\"},{\"@type\":\"ListItem\",\"position\":2,\"name\":\"\ud83c\udfd6\ufe0f \u00a1Lucas Marcelo Adolfo Krause gan\u00f3 un viaje a Porto de Galinhas con \u201cInmobiliaria del Este Te Premia\u201d! \u00bfEst\u00e1s participando?\"}]},{\"@type\":\"WebSite\",\"@id\":\"https:\/\/www.idesa.com.py\/blog\/#website\",\"url\":\"https:\/\/www.idesa.com.py\/blog\/\",\"name\":\"Blog IDESA\",\"description\":\"Inmobiliaria del Este - M\u00e1ximo Respaldo a tu inversi\u00f3n\",\"publisher\":{\"@id\":\"https:\/\/www.idesa.com.py\/blog\/#organization\"},\"potentialAction\":[{\"@type\":\"SearchAction\",\"target\":{\"@type\":\"EntryPoint\",\"urlTemplate\":\"https:\/\/www.idesa.com.py\/blog\/?s={search_term_string}\"},\"query-input\":{\"@type\":\"PropertyValueSpecification\",\"valueRequired\":true,\"valueName\":\"search_term_string\"}}],\"inLanguage\":\"es\"},{\"@type\":\"Organization\",\"@id\":\"https:\/\/www.idesa.com.py\/blog\/#organization\",\"name\":\"Blog IDESA\",\"url\":\"https:\/\/www.idesa.com.py\/blog\/\",\"logo\":{\"@type\":\"ImageObject\",\"inLanguage\":\"es\",\"@id\":\"https:\/\/www.idesa.com.py\/blog\/#\/schema\/logo\/image\/\",\"url\":\"https:\/\/www.idesa.com.py\/blog\/wp-content\/uploads\/2024\/05\/cropped-Proyecto-nuevo-1.png\",\"contentUrl\":\"https:\/\/www.idesa.com.py\/blog\/wp-content\/uploads\/2024\/05\/cropped-Proyecto-nuevo-1.png\",\"width\":512,\"height\":512,\"caption\":\"Blog IDESA\"},\"image\":{\"@id\":\"https:\/\/www.idesa.com.py\/blog\/#\/schema\/logo\/image\/\"},\"sameAs\":[\"https:\/\/www.facebook.com\/IdesaPY\",\"https:\/\/x.com\/Idesa_py\",\"https:\/\/www.instagram.com\/inmobiliariadeleste\/\"]},{\"@type\":\"Person\",\"@id\":\"https:\/\/www.idesa.com.py\/blog\/#\/schema\/person\/d9d4ffc5c2216b8c269af4e242e7409b\",\"name\":\"Gabriela Gimenez\",\"image\":{\"@type\":\"ImageObject\",\"inLanguage\":\"es\",\"@id\":\"https:\/\/www.idesa.com.py\/blog\/#\/schema\/person\/image\/\",\"url\":\"https:\/\/secure.gravatar.com\/avatar\/7f72d979bebc7f5bf910f8e2a76e08e9c82cbf005fe0d907794fd32d0e3b823b?s=96&d=mm&r=g\",\"contentUrl\":\"https:\/\/secure.gravatar.com\/avatar\/7f72d979bebc7f5bf910f8e2a76e08e9c82cbf005fe0d907794fd32d0e3b823b?s=96&d=mm&r=g\",\"caption\":\"Gabriela Gimenez\"}}]}<\/script>\n<!-- \/ Yoast SEO plugin. -->","yoast_head_json":{"title":"\ud83c\udfd6\ufe0f \u00a1Lucas Marcelo Adolfo Krause gan\u00f3 un viaje a Porto de Galinhas con \u201cInmobiliaria del Este Te Premia\u201d! \u00bfEst\u00e1s participando? - Blog Inmobiliaria del Este","robots":{"index":"noindex","follow":"follow","max-snippet":"max-snippet:-1","max-image-preview":"max-image-preview:large","max-video-preview":"max-video-preview:-1"},"og_locale":"es_MX","og_type":"article","og_title":"\ud83c\udfd6\ufe0f \u00a1Lucas Marcelo Adolfo Krause gan\u00f3 un viaje a Porto de Galinhas con \u201cInmobiliaria del Este Te Premia\u201d! \u00bfEst\u00e1s participando? - Blog Inmobiliaria del Este","og_description":"Ganador de Inmobiliaria del Este Te premia.","og_url":"https:\/\/www.idesa.com.py\/blog\/\ud83c\udfd6\ufe0f-lucas-marcelo-adolfo-krause-gano-un-viaje-a-porto-de-galinhas-con-inmobiliaria-del-este-te-premia-estas-participando\/","og_site_name":"Blog Inmobiliaria del Este","article_publisher":"https:\/\/www.facebook.com\/IdesaPY","article_published_time":"2025-07-09T14:25:07+00:00","article_modified_time":"2025-07-09T14:25:08+00:00","og_image":[{"width":531,"height":446,"url":"https:\/\/www.idesa.com.py\/blog\/wp-content\/uploads\/2025\/07\/ganador.jpg","type":"image\/jpeg"}],"author":"Gabriela Gimenez","twitter_card":"summary_large_image","twitter_creator":"@Idesa_py","twitter_site":"@Idesa_py","twitter_misc":{"Escrito por":"Gabriela Gimenez","Tiempo de lectura":"2 minutos"},"schema":{"@context":"https:\/\/schema.org","@graph":[{"@type":"Article","@id":"https:\/\/www.idesa.com.py\/blog\/%f0%9f%8f%96%ef%b8%8f-lucas-marcelo-adolfo-krause-gano-un-viaje-a-porto-de-galinhas-con-inmobiliaria-del-este-te-premia-estas-participando\/#article","isPartOf":{"@id":"https:\/\/www.idesa.com.py\/blog\/%f0%9f%8f%96%ef%b8%8f-lucas-marcelo-adolfo-krause-gano-un-viaje-a-porto-de-galinhas-con-inmobiliaria-del-este-te-premia-estas-participando\/"},"author":{"name":"Gabriela Gimenez","@id":"https:\/\/www.idesa.com.py\/blog\/#\/schema\/person\/d9d4ffc5c2216b8c269af4e242e7409b"},"headline":"\ud83c\udfd6\ufe0f \u00a1Lucas Marcelo Adolfo Krause gan\u00f3 un viaje a Porto de Galinhas con \u201cInmobiliaria del Este Te Premia\u201d! \u00bfEst\u00e1s participando?","datePublished":"2025-07-09T14:25:07+00:00","dateModified":"2025-07-09T14:25:08+00:00","mainEntityOfPage":{"@id":"https:\/\/www.idesa.com.py\/blog\/%f0%9f%8f%96%ef%b8%8f-lucas-marcelo-adolfo-krause-gano-un-viaje-a-porto-de-galinhas-con-inmobiliaria-del-este-te-premia-estas-participando\/"},"wordCount":256,"commentCount":0,"publisher":{"@id":"https:\/\/www.idesa.com.py\/blog\/#organization"},"image":{"@id":"https:\/\/www.idesa.com.py\/blog\/%f0%9f%8f%96%ef%b8%8f-lucas-marcelo-adolfo-krause-gano-un-viaje-a-porto-de-galinhas-con-inmobiliaria-del-este-te-premia-estas-participando\/#primaryimage"},"thumbnailUrl":"https:\/\/www.idesa.com.py\/blog\/wp-content\/uploads\/2025\/07\/ganador.jpg","keywords":["INMOBILIARIA DEL ESTE","inmobiliaria del este te premia","inmobiliaria en paraguay","inversion en paraguay","LA LOTEADORA","loteamientos en paraguay","M\u00e1ximo respaldo a tu inversi\u00f3n","RAICES","Top of mind","URBA"],"articleSection":["Intereses","Noticias"],"inLanguage":"es","potentialAction":[{"@type":"CommentAction","name":"Comment","target":["https:\/\/www.idesa.com.py\/blog\/%f0%9f%8f%96%ef%b8%8f-lucas-marcelo-adolfo-krause-gano-un-viaje-a-porto-de-galinhas-con-inmobiliaria-del-este-te-premia-estas-participando\/#respond"]}]},{"@type":"WebPage","@id":"https:\/\/www.idesa.com.py\/blog\/%f0%9f%8f%96%ef%b8%8f-lucas-marcelo-adolfo-krause-gano-un-viaje-a-porto-de-galinhas-con-inmobiliaria-del-este-te-premia-estas-participando\/","url":"https:\/\/www.idesa.com.py\/blog\/%f0%9f%8f%96%ef%b8%8f-lucas-marcelo-adolfo-krause-gano-un-viaje-a-porto-de-galinhas-con-inmobiliaria-del-este-te-premia-estas-participando\/","name":"\ud83c\udfd6\ufe0f \u00a1Lucas Marcelo Adolfo Krause gan\u00f3 un viaje a Porto de Galinhas con \u201cInmobiliaria del Este Te Premia\u201d! \u00bfEst\u00e1s participando? - Blog Inmobiliaria del Este","isPartOf":{"@id":"https:\/\/www.idesa.com.py\/blog\/#website"},"primaryImageOfPage":{"@id":"https:\/\/www.idesa.com.py\/blog\/%f0%9f%8f%96%ef%b8%8f-lucas-marcelo-adolfo-krause-gano-un-viaje-a-porto-de-galinhas-con-inmobiliaria-del-este-te-premia-estas-participando\/#primaryimage"},"image":{"@id":"https:\/\/www.idesa.com.py\/blog\/%f0%9f%8f%96%ef%b8%8f-lucas-marcelo-adolfo-krause-gano-un-viaje-a-porto-de-galinhas-con-inmobiliaria-del-este-te-premia-estas-participando\/#primaryimage"},"thumbnailUrl":"https:\/\/www.idesa.com.py\/blog\/wp-content\/uploads\/2025\/07\/ganador.jpg","datePublished":"2025-07-09T14:25:07+00:00","dateModified":"2025-07-09T14:25:08+00:00","breadcrumb":{"@id":"https:\/\/www.idesa.com.py\/blog\/%f0%9f%8f%96%ef%b8%8f-lucas-marcelo-adolfo-krause-gano-un-viaje-a-porto-de-galinhas-con-inmobiliaria-del-este-te-premia-estas-participando\/#breadcrumb"},"inLanguage":"es","potentialAction":[{"@type":"ReadAction","target":["https:\/\/www.idesa.com.py\/blog\/%f0%9f%8f%96%ef%b8%8f-lucas-marcelo-adolfo-krause-gano-un-viaje-a-porto-de-galinhas-con-inmobiliaria-del-este-te-premia-estas-participando\/"]}]},{"@type":"ImageObject","inLanguage":"es","@id":"https:\/\/www.idesa.com.py\/blog\/%f0%9f%8f%96%ef%b8%8f-lucas-marcelo-adolfo-krause-gano-un-viaje-a-porto-de-galinhas-con-inmobiliaria-del-este-te-premia-estas-participando\/#primaryimage","url":"https:\/\/www.idesa.com.py\/blog\/wp-content\/uploads\/2025\/07\/ganador.jpg","contentUrl":"https:\/\/www.idesa.com.py\/blog\/wp-content\/uploads\/2025\/07\/ganador.jpg","width":531,"height":446},{"@type":"BreadcrumbList","@id":"https:\/\/www.idesa.com.py\/blog\/%f0%9f%8f%96%ef%b8%8f-lucas-marcelo-adolfo-krause-gano-un-viaje-a-porto-de-galinhas-con-inmobiliaria-del-este-te-premia-estas-participando\/#breadcrumb","itemListElement":[{"@type":"ListItem","position":1,"name":"Inicio","item":"https:\/\/www.idesa.com.py\/blog\/"},{"@type":"ListItem","position":2,"name":"\ud83c\udfd6\ufe0f \u00a1Lucas Marcelo Adolfo Krause gan\u00f3 un viaje a Porto de Galinhas con \u201cInmobiliaria del Este Te Premia\u201d! \u00bfEst\u00e1s participando?"}]},{"@type":"WebSite","@id":"https:\/\/www.idesa.com.py\/blog\/#website","url":"https:\/\/www.idesa.com.py\/blog\/","name":"Blog IDESA","description":"Inmobiliaria del Este - M\u00e1ximo Respaldo a tu inversi\u00f3n","publisher":{"@id":"https:\/\/www.idesa.com.py\/blog\/#organization"},"potentialAction":[{"@type":"SearchAction","target":{"@type":"EntryPoint","urlTemplate":"https:\/\/www.idesa.com.py\/blog\/?s={search_term_string}"},"query-input":{"@type":"PropertyValueSpecification","valueRequired":true,"valueName":"search_term_string"}}],"inLanguage":"es"},{"@type":"Organization","@id":"https:\/\/www.idesa.com.py\/blog\/#organization","name":"Blog IDESA","url":"https:\/\/www.idesa.com.py\/blog\/","logo":{"@type":"ImageObject","inLanguage":"es","@id":"https:\/\/www.idesa.com.py\/blog\/#\/schema\/logo\/image\/","url":"https:\/\/www.idesa.com.py\/blog\/wp-content\/uploads\/2024\/05\/cropped-Proyecto-nuevo-1.png","contentUrl":"https:\/\/www.idesa.com.py\/blog\/wp-content\/uploads\/2024\/05\/cropped-Proyecto-nuevo-1.png","width":512,"height":512,"caption":"Blog IDESA"},"image":{"@id":"https:\/\/www.idesa.com.py\/blog\/#\/schema\/logo\/image\/"},"sameAs":["https:\/\/www.facebook.com\/IdesaPY","https:\/\/x.com\/Idesa_py","https:\/\/www.instagram.com\/inmobiliariadeleste\/"]},{"@type":"Person","@id":"https:\/\/www.idesa.com.py\/blog\/#\/schema\/person\/d9d4ffc5c2216b8c269af4e242e7409b","name":"Gabriela Gimenez","image":{"@type":"ImageObject","inLanguage":"es","@id":"https:\/\/www.idesa.com.py\/blog\/#\/schema\/person\/image\/","url":"https:\/\/secure.gravatar.com\/avatar\/7f72d979bebc7f5bf910f8e2a76e08e9c82cbf005fe0d907794fd32d0e3b823b?s=96&d=mm&r=g","contentUrl":"https:\/\/secure.gravatar.com\/avatar\/7f72d979bebc7f5bf910f8e2a76e08e9c82cbf005fe0d907794fd32d0e3b823b?s=96&d=mm&r=g","caption":"Gabriela Gimenez"}}]}},"_links":{"self":[{"href":"https:\/\/www.idesa.com.py\/blog\/wp-json\/wp\/v2\/posts\/2868","targetHints":{"allow":["GET"]}}],"collection":[{"href":"https:\/\/www.idesa.com.py\/blog\/wp-json\/wp\/v2\/posts"}],"about":[{"href":"https:\/\/www.idesa.com.py\/blog\/wp-json\/wp\/v2\/types\/post"}],"author":[{"embeddable":true,"href":"https:\/\/www.idesa.com.py\/blog\/wp-json\/wp\/v2\/users\/990004"}],"replies":[{"embeddable":true,"href":"https:\/\/www.idesa.com.py\/blog\/wp-json\/wp\/v2\/comments?post=2868"}],"version-history":[{"count":2,"href":"https:\/\/www.idesa.com.py\/blog\/wp-json\/wp\/v2\/posts\/2868\/revisions"}],"predecessor-version":[{"id":2872,"href":"https:\/\/www.idesa.com.py\/blog\/wp-json\/wp\/v2\/posts\/2868\/revisions\/2872"}],"wp:featuredmedia":[{"embeddable":true,"href":"https:\/\/www.idesa.com.py\/blog\/wp-json\/wp\/v2\/media\/2869"}],"wp:attachment":[{"href":"https:\/\/www.idesa.com.py\/blog\/wp-json\/wp\/v2\/media?parent=2868"}],"wp:term":[{"taxonomy":"category","embeddable":true,"href":"https:\/\/www.idesa.com.py\/blog\/wp-json\/wp\/v2\/categories?post=2868"},{"taxonomy":"post_tag","embeddable":true,"href":"https:\/\/www.idesa.com.py\/blog\/wp-json\/wp\/v2\/tags?post=2868"}],"curies":[{"name":"wp","href":"https:\/\/api.w.org\/{rel}","templated":true}]}}