{"id":2934,"date":"2026-01-13T20:41:14","date_gmt":"2026-01-13T20:41:14","guid":{"rendered":"https:\/\/www.idesa.com.py\/blog\/?p=2934"},"modified":"2026-01-13T20:41:15","modified_gmt":"2026-01-13T20:41:15","slug":"vivir-el-verano-en-cordillera-ciudades-que-invitan-a-disfrutar-la-temporada-con-mas-calma-y-conexion","status":"publish","type":"post","link":"https:\/\/www.idesa.com.py\/blog\/vivir-el-verano-en-cordillera-ciudades-que-invitan-a-disfrutar-la-temporada-con-mas-calma-y-conexion\/","title":{"rendered":"Vivir el verano en Cordillera: ciudades que invitan a disfrutar la temporada con m\u00e1s calma y conexi\u00f3n."},"content":{"rendered":"\n<figure class=\"wp-block-image size-full\"><img fetchpriority=\"high\" decoding=\"async\" width=\"1023\" height=\"563\" src=\"https:\/\/www.idesa.com.py\/blog\/wp-content\/uploads\/2026\/01\/mirador-de-piri.jpg\" alt=\"\" class=\"wp-image-2944\" srcset=\"https:\/\/www.idesa.com.py\/blog\/wp-content\/uploads\/2026\/01\/mirador-de-piri.jpg 1023w, https:\/\/www.idesa.com.py\/blog\/wp-content\/uploads\/2026\/01\/mirador-de-piri-300x165.jpg 300w, https:\/\/www.idesa.com.py\/blog\/wp-content\/uploads\/2026\/01\/mirador-de-piri-768x423.jpg 768w, https:\/\/www.idesa.com.py\/blog\/wp-content\/uploads\/2026\/01\/mirador-de-piri-370x204.jpg 370w, https:\/\/www.idesa.com.py\/blog\/wp-content\/uploads\/2026\/01\/mirador-de-piri-760x418.jpg 760w\" sizes=\"(max-width: 1023px) 100vw, 1023px\" \/><figcaption class=\"wp-element-caption\">Mirador San Roque<\/figcaption><\/figure>\n\n\n\n<p>El verano suele ser una invitaci\u00f3n natural a <strong>cambiar de entorno<\/strong>, pasar m\u00e1s tiempo al aire libre y replantear h\u00e1bitos. En Paraguay, el <strong>departamento de Cordillera<\/strong> se presenta como una regi\u00f3n que combina <strong>naturaleza, cercan\u00eda y tranquilidad<\/strong>, ofreciendo alternativas interesantes para quienes buscan vivir o disfrutar la temporada lejos de los centros m\u00e1s concurridos.<\/p>\n\n\n\n<p>M\u00e1s all\u00e1 de los destinos tradicionalmente asociados al verano, Cordillera re\u00fane ciudades con identidad propia, paisajes diversos y una forma de vida marcada por el contacto con el entorno natural.<\/p>\n\n\n\n<h2 class=\"wp-block-heading\">\ud83c\udf3f Cordillera como regi\u00f3n para el descanso y la vida cotidiana<\/h2>\n\n\n\n<p>Ubicada a corta distancia de Asunci\u00f3n, Cordillera se caracteriza por:<\/p>\n\n\n\n<ul class=\"wp-block-list\">\n<li>Paisajes serranos y \u00e1reas verdes predominantes<\/li>\n\n\n\n<li>Ciudades de escala media y baja densidad<\/li>\n\n\n\n<li>Ritmos de vida m\u00e1s pausados<\/li>\n\n\n\n<li>Condiciones favorables para actividades al aire libre<\/li>\n<\/ul>\n\n\n\n<p>Durante el verano, estas caracter\u00edsticas se vuelven especialmente valoradas por familias, personas que trabajan de forma h\u00edbrida o quienes buscan espacios m\u00e1s tranquilos para proyectar su futuro.<\/p>\n\n\n\n<h2 class=\"wp-block-heading\">Altos<\/h2>\n\n\n\n<h3 class=\"wp-block-heading\">Altura, vistas abiertas y clima agradable<\/h3>\n\n\n\n<figure class=\"wp-block-image size-large\"><img decoding=\"async\" width=\"1024\" height=\"576\" src=\"https:\/\/www.idesa.com.py\/blog\/wp-content\/uploads\/2026\/01\/DJI_0042_Reto-1024x576.jpg\" alt=\"\" class=\"wp-image-2941\" srcset=\"https:\/\/www.idesa.com.py\/blog\/wp-content\/uploads\/2026\/01\/DJI_0042_Reto-1024x576.jpg 1024w, https:\/\/www.idesa.com.py\/blog\/wp-content\/uploads\/2026\/01\/DJI_0042_Reto-300x169.jpg 300w, https:\/\/www.idesa.com.py\/blog\/wp-content\/uploads\/2026\/01\/DJI_0042_Reto-768x432.jpg 768w, https:\/\/www.idesa.com.py\/blog\/wp-content\/uploads\/2026\/01\/DJI_0042_Reto-1536x864.jpg 1536w, https:\/\/www.idesa.com.py\/blog\/wp-content\/uploads\/2026\/01\/DJI_0042_Reto-2048x1152.jpg 2048w, https:\/\/www.idesa.com.py\/blog\/wp-content\/uploads\/2026\/01\/DJI_0042_Reto-370x208.jpg 370w, https:\/\/www.idesa.com.py\/blog\/wp-content\/uploads\/2026\/01\/DJI_0042_Reto-1170x658.jpg 1170w, https:\/\/www.idesa.com.py\/blog\/wp-content\/uploads\/2026\/01\/DJI_0042_Reto-770x434.jpg 770w, https:\/\/www.idesa.com.py\/blog\/wp-content\/uploads\/2026\/01\/DJI_0042_Reto-440x248.jpg 440w, https:\/\/www.idesa.com.py\/blog\/wp-content\/uploads\/2026\/01\/DJI_0042_Reto-760x428.jpg 760w, https:\/\/www.idesa.com.py\/blog\/wp-content\/uploads\/2026\/01\/DJI_0042_Reto-270x152.jpg 270w\" sizes=\"(max-width: 1024px) 100vw, 1024px\" \/><figcaption class=\"wp-element-caption\">Eco Parque de Altos<\/figcaption><\/figure>\n\n\n\n<p>Altos es conocida por su ubicaci\u00f3n elevada, lo que le brinda <strong>vistas amplias<\/strong> y una sensaci\u00f3n t\u00e9rmica generalmente m\u00e1s agradable durante el verano. Su entorno natural y su crecimiento ordenado la convierten en una ciudad elegida para quienes valoran:<\/p>\n\n\n\n<ul class=\"wp-block-list\">\n<li>Paisajes serranos<\/li>\n\n\n\n<li>Caminatas y vida al aire libre<\/li>\n\n\n\n<li>Un entorno residencial tranquilo<\/li>\n<\/ul>\n\n\n\n<h2 class=\"wp-block-heading\">Eusebio Ayala<\/h2>\n\n\n\n<h3 class=\"wp-block-heading\">Conectividad y vida urbana a menor escala<\/h3>\n\n\n\n<figure class=\"wp-block-image size-full is-resized\"><img decoding=\"async\" width=\"647\" height=\"486\" src=\"https:\/\/www.idesa.com.py\/blog\/wp-content\/uploads\/2026\/01\/Vistas-del-cerro.jpg\" alt=\"\" class=\"wp-image-2946\" style=\"width:839px;height:auto\" srcset=\"https:\/\/www.idesa.com.py\/blog\/wp-content\/uploads\/2026\/01\/Vistas-del-cerro.jpg 647w, https:\/\/www.idesa.com.py\/blog\/wp-content\/uploads\/2026\/01\/Vistas-del-cerro-300x225.jpg 300w, https:\/\/www.idesa.com.py\/blog\/wp-content\/uploads\/2026\/01\/Vistas-del-cerro-370x278.jpg 370w\" sizes=\"(max-width: 647px) 100vw, 647px\" \/><figcaption class=\"wp-element-caption\">Vistas del Cerro<\/figcaption><\/figure>\n\n\n\n<p>Eusebio Ayala se destaca por su ubicaci\u00f3n estrat\u00e9gica sobre rutas principales, lo que facilita la conexi\u00f3n con otras ciudades. Aun as\u00ed, conserva un entorno m\u00e1s relajado, ideal para quienes buscan equilibrio entre accesibilidad y tranquilidad.<\/p>\n\n\n\n<p>Entre sus principales atributos se encuentran:<\/p>\n\n\n\n<ul class=\"wp-block-list\">\n<li>Servicios urbanos consolidados<\/li>\n\n\n\n<li>Movilidad fluida<\/li>\n\n\n\n<li>Menor congesti\u00f3n que grandes centros urbanos<\/li>\n<\/ul>\n\n\n\n<h2 class=\"wp-block-heading\">Yt\u00fa<\/h2>\n\n\n\n<h3 class=\"wp-block-heading\">Entornos rurales y contacto directo con la naturaleza<\/h3>\n\n\n\n<figure class=\"wp-block-image size-large\"><img loading=\"lazy\" decoding=\"async\" width=\"1024\" height=\"682\" src=\"https:\/\/www.idesa.com.py\/blog\/wp-content\/uploads\/2026\/01\/IdesaYtu-36-1024x682.jpg\" alt=\"\" class=\"wp-image-2936\" srcset=\"https:\/\/www.idesa.com.py\/blog\/wp-content\/uploads\/2026\/01\/IdesaYtu-36-1024x682.jpg 1024w, https:\/\/www.idesa.com.py\/blog\/wp-content\/uploads\/2026\/01\/IdesaYtu-36-300x200.jpg 300w, https:\/\/www.idesa.com.py\/blog\/wp-content\/uploads\/2026\/01\/IdesaYtu-36-768x512.jpg 768w, https:\/\/www.idesa.com.py\/blog\/wp-content\/uploads\/2026\/01\/IdesaYtu-36-1536x1024.jpg 1536w, https:\/\/www.idesa.com.py\/blog\/wp-content\/uploads\/2026\/01\/IdesaYtu-36-2048x1365.jpg 2048w, https:\/\/www.idesa.com.py\/blog\/wp-content\/uploads\/2026\/01\/IdesaYtu-36-370x247.jpg 370w, https:\/\/www.idesa.com.py\/blog\/wp-content\/uploads\/2026\/01\/IdesaYtu-36-760x507.jpg 760w\" sizes=\"(max-width: 1024px) 100vw, 1024px\" \/><figcaption class=\"wp-element-caption\">Barrio Ecologico Ytu<\/figcaption><\/figure>\n\n\n\n<p>Yt\u00fa representa una de las expresiones m\u00e1s rurales de Cordillera. Sus paisajes abiertos y su baja densidad poblacional permiten vivir el verano de una forma m\u00e1s silenciosa y contemplativa.<\/p>\n\n\n\n<p>Es un lugar que suele atraer a quienes buscan:<\/p>\n\n\n\n<ul class=\"wp-block-list\">\n<li>Espacios amplios<\/li>\n\n\n\n<li>Vida cotidiana sencilla<\/li>\n\n\n\n<li>Mayor conexi\u00f3n con el entorno natural<\/li>\n<\/ul>\n\n\n\n<h2 class=\"wp-block-heading\">Loma Grande<\/h2>\n\n\n\n<h3 class=\"wp-block-heading\">Crecimiento progresivo y entorno natural<\/h3>\n\n\n\n<figure class=\"wp-block-image size-full is-resized\"><img loading=\"lazy\" decoding=\"async\" width=\"841\" height=\"629\" src=\"https:\/\/www.idesa.com.py\/blog\/wp-content\/uploads\/2026\/01\/121215415.jpg\" alt=\"\" class=\"wp-image-2942\" style=\"width:842px;height:auto\" srcset=\"https:\/\/www.idesa.com.py\/blog\/wp-content\/uploads\/2026\/01\/121215415.jpg 841w, https:\/\/www.idesa.com.py\/blog\/wp-content\/uploads\/2026\/01\/121215415-300x224.jpg 300w, https:\/\/www.idesa.com.py\/blog\/wp-content\/uploads\/2026\/01\/121215415-768x574.jpg 768w, https:\/\/www.idesa.com.py\/blog\/wp-content\/uploads\/2026\/01\/121215415-370x277.jpg 370w, https:\/\/www.idesa.com.py\/blog\/wp-content\/uploads\/2026\/01\/121215415-760x568.jpg 760w\" sizes=\"(max-width: 841px) 100vw, 841px\" \/><figcaption class=\"wp-element-caption\">Loma Selene<\/figcaption><\/figure>\n\n\n\n<p>Loma Grande se caracteriza por un desarrollo gradual que mantiene una relaci\u00f3n cercana con la naturaleza. Durante el verano, su entorno permite observar una convivencia equilibrada entre crecimiento urbano y espacios verdes.<\/p>\n\n\n\n<p>Aspectos destacados:<\/p>\n\n\n\n<ul class=\"wp-block-list\">\n<li>Expansi\u00f3n controlada<\/li>\n\n\n\n<li>Predominio de \u00e1reas naturales<\/li>\n\n\n\n<li>Proyecci\u00f3n como ciudad residencial<\/li>\n<\/ul>\n\n\n\n<h2 class=\"wp-block-heading\">Piribebuy<\/h2>\n\n\n\n<h3 class=\"wp-block-heading\">Historia, naturaleza y vida cotidiana a otro ritmo<\/h3>\n\n\n\n<figure class=\"wp-block-image size-full\"><img loading=\"lazy\" decoding=\"async\" width=\"1008\" height=\"563\" src=\"https:\/\/www.idesa.com.py\/blog\/wp-content\/uploads\/2026\/01\/mirador-de-piribebuy.jpg\" alt=\"\" class=\"wp-image-2943\" srcset=\"https:\/\/www.idesa.com.py\/blog\/wp-content\/uploads\/2026\/01\/mirador-de-piribebuy.jpg 1008w, https:\/\/www.idesa.com.py\/blog\/wp-content\/uploads\/2026\/01\/mirador-de-piribebuy-300x168.jpg 300w, https:\/\/www.idesa.com.py\/blog\/wp-content\/uploads\/2026\/01\/mirador-de-piribebuy-768x429.jpg 768w, https:\/\/www.idesa.com.py\/blog\/wp-content\/uploads\/2026\/01\/mirador-de-piribebuy-370x207.jpg 370w, https:\/\/www.idesa.com.py\/blog\/wp-content\/uploads\/2026\/01\/mirador-de-piribebuy-760x424.jpg 760w, https:\/\/www.idesa.com.py\/blog\/wp-content\/uploads\/2026\/01\/mirador-de-piribebuy-270x152.jpg 270w\" sizes=\"(max-width: 1008px) 100vw, 1008px\" \/><figcaption class=\"wp-element-caption\">Mirador San Roque<\/figcaption><\/figure>\n\n\n\n<p>Piribebuy es una de las ciudades m\u00e1s representativas de Cordillera, reconocida tanto por su <strong>valor hist\u00f3rico<\/strong> como por su entorno natural. Durante el verano, se convierte en un punto de inter\u00e9s para quienes buscan un equilibrio entre identidad cultural, paisaje y tranquilidad.<\/p>\n\n\n\n<p>La ciudad combina \u00e1reas urbanas consolidadas con zonas verdes y espacios abiertos, lo que permite un estilo de vida m\u00e1s pausado sin perder acceso a servicios b\u00e1sicos y actividades cotidianas. Su identidad comunitaria y su crecimiento moderado la posicionan como una opci\u00f3n interesante para quienes valoran:<\/p>\n\n\n\n<ul class=\"wp-block-list\">\n<li>Ciudades con historia y sentido de pertenencia<\/li>\n\n\n\n<li>Entornos naturales integrados a la vida diaria<\/li>\n\n\n\n<li>Ritmos m\u00e1s tranquilos para vivir o pasar temporadas prolongadas<\/li>\n<\/ul>\n\n\n\n<h2 class=\"wp-block-heading\">\ud83c\udf1e El verano como oportunidad para elegir distinto<\/h2>\n\n\n\n<figure class=\"wp-block-image size-large\"><img loading=\"lazy\" decoding=\"async\" width=\"1024\" height=\"317\" src=\"https:\/\/www.idesa.com.py\/blog\/wp-content\/uploads\/2026\/01\/Checklist-Campana-Verno-del-Este-Inmobiliaria-del-este-_Slide-web-2009x621-1-1024x317.jpg\" alt=\"\" class=\"wp-image-2947\" srcset=\"https:\/\/www.idesa.com.py\/blog\/wp-content\/uploads\/2026\/01\/Checklist-Campana-Verno-del-Este-Inmobiliaria-del-este-_Slide-web-2009x621-1-1024x317.jpg 1024w, https:\/\/www.idesa.com.py\/blog\/wp-content\/uploads\/2026\/01\/Checklist-Campana-Verno-del-Este-Inmobiliaria-del-este-_Slide-web-2009x621-1-300x93.jpg 300w, https:\/\/www.idesa.com.py\/blog\/wp-content\/uploads\/2026\/01\/Checklist-Campana-Verno-del-Este-Inmobiliaria-del-este-_Slide-web-2009x621-1-768x237.jpg 768w, https:\/\/www.idesa.com.py\/blog\/wp-content\/uploads\/2026\/01\/Checklist-Campana-Verno-del-Este-Inmobiliaria-del-este-_Slide-web-2009x621-1-1536x475.jpg 1536w, https:\/\/www.idesa.com.py\/blog\/wp-content\/uploads\/2026\/01\/Checklist-Campana-Verno-del-Este-Inmobiliaria-del-este-_Slide-web-2009x621-1-370x114.jpg 370w, https:\/\/www.idesa.com.py\/blog\/wp-content\/uploads\/2026\/01\/Checklist-Campana-Verno-del-Este-Inmobiliaria-del-este-_Slide-web-2009x621-1-760x235.jpg 760w, https:\/\/www.idesa.com.py\/blog\/wp-content\/uploads\/2026\/01\/Checklist-Campana-Verno-del-Este-Inmobiliaria-del-este-_Slide-web-2009x621-1.jpg 2009w\" sizes=\"(max-width: 1024px) 100vw, 1024px\" \/><\/figure>\n\n\n\n<p>M\u00e1s que una estaci\u00f3n, el verano puede ser un punto de partida para <strong>conocer nuevos lugares<\/strong>, explorar estilos de vida alternativos y valorar entornos que priorizan el bienestar y la calma.<\/p>\n\n\n\n<p>Las ciudades de Cordillera ofrecen esa posibilidad: espacios donde la naturaleza, la cercan\u00eda y la tranquilidad forman parte de la vida diaria.<\/p>\n\n\n\n<p>Desde <strong>Inmobiliaria del Este<\/strong>, compartimos este contenido informativo como parte de nuestro compromiso con el desarrollo responsable y la difusi\u00f3n de opciones que promueven una mejor calidad de vida.<\/p>\n","protected":false},"excerpt":{"rendered":"<p>Vivir el verano en Cordillera | Ciudades tranquilas de Paraguay<\/p>\n","protected":false},"author":990004,"featured_media":2944,"comment_status":"closed","ping_status":"closed","sticky":false,"template":"","format":"standard","meta":{"footnotes":""},"categories":[60,67],"tags":[98,97,96],"class_list":["post-2934","post","type-post","status-publish","format-standard","has-post-thumbnail","hentry","category-intereses","category-noticias","tag-ciudades-tranquilas-de-paraguay","tag-verano-en-cordillera-paraguay","tag-vivir-en-cordillera"],"yoast_head":"<!-- This site is optimized with the Yoast SEO plugin v24.0 - https:\/\/yoast.com\/wordpress\/plugins\/seo\/ -->\n<title>Vivir el verano en Cordillera: ciudades que invitan a disfrutar la temporada con m\u00e1s calma y conexi\u00f3n. - Blog Inmobiliaria del Este<\/title>\n<meta name=\"description\" content=\"Descubr\u00ed c\u00f3mo se vive el verano en Cordillera. Altos, Eusebio Ayala, Yt\u00fa, Piribebuy y Loma Grande: ciudades con naturaleza, calma y proyecci\u00f3n para una vida diferente.\" \/>\n<meta name=\"robots\" content=\"noindex, follow, max-snippet:-1, max-image-preview:large, max-video-preview:-1\" \/>\n<meta property=\"og:locale\" content=\"es_MX\" \/>\n<meta property=\"og:type\" content=\"article\" \/>\n<meta property=\"og:title\" content=\"Vivir el verano en Cordillera: ciudades que invitan a disfrutar la temporada con m\u00e1s calma y conexi\u00f3n. - Blog Inmobiliaria del Este\" \/>\n<meta property=\"og:description\" content=\"Descubr\u00ed c\u00f3mo se vive el verano en Cordillera. Altos, Eusebio Ayala, Yt\u00fa, Piribebuy y Loma Grande: ciudades con naturaleza, calma y proyecci\u00f3n para una vida diferente.\" \/>\n<meta property=\"og:url\" content=\"https:\/\/www.idesa.com.py\/blog\/vivir-el-verano-en-cordillera-ciudades-que-invitan-a-disfrutar-la-temporada-con-mas-calma-y-conexion\/\" \/>\n<meta property=\"og:site_name\" content=\"Blog Inmobiliaria del Este\" \/>\n<meta property=\"article:publisher\" content=\"https:\/\/www.facebook.com\/IdesaPY\" \/>\n<meta property=\"article:published_time\" content=\"2026-01-13T20:41:14+00:00\" \/>\n<meta property=\"article:modified_time\" content=\"2026-01-13T20:41:15+00:00\" \/>\n<meta property=\"og:image\" content=\"https:\/\/www.idesa.com.py\/blog\/wp-content\/uploads\/2026\/01\/mirador-de-piri.jpg\" \/>\n\t<meta property=\"og:image:width\" content=\"1023\" \/>\n\t<meta property=\"og:image:height\" content=\"563\" \/>\n\t<meta property=\"og:image:type\" content=\"image\/jpeg\" \/>\n<meta name=\"author\" content=\"Gabriela Gimenez\" \/>\n<meta name=\"twitter:card\" content=\"summary_large_image\" \/>\n<meta name=\"twitter:creator\" content=\"@Idesa_py\" \/>\n<meta name=\"twitter:site\" content=\"@Idesa_py\" \/>\n<meta name=\"twitter:label1\" content=\"Escrito por\" \/>\n\t<meta name=\"twitter:data1\" content=\"Gabriela Gimenez\" \/>\n\t<meta name=\"twitter:label2\" content=\"Tiempo de lectura\" \/>\n\t<meta name=\"twitter:data2\" content=\"5 minutos\" \/>\n<script type=\"application\/ld+json\" class=\"yoast-schema-graph\">{\"@context\":\"https:\/\/schema.org\",\"@graph\":[{\"@type\":\"Article\",\"@id\":\"https:\/\/www.idesa.com.py\/blog\/vivir-el-verano-en-cordillera-ciudades-que-invitan-a-disfrutar-la-temporada-con-mas-calma-y-conexion\/#article\",\"isPartOf\":{\"@id\":\"https:\/\/www.idesa.com.py\/blog\/vivir-el-verano-en-cordillera-ciudades-que-invitan-a-disfrutar-la-temporada-con-mas-calma-y-conexion\/\"},\"author\":{\"name\":\"Gabriela Gimenez\",\"@id\":\"https:\/\/www.idesa.com.py\/blog\/#\/schema\/person\/d9d4ffc5c2216b8c269af4e242e7409b\"},\"headline\":\"Vivir el verano en Cordillera: ciudades que invitan a disfrutar la temporada con m\u00e1s calma y conexi\u00f3n.\",\"datePublished\":\"2026-01-13T20:41:14+00:00\",\"dateModified\":\"2026-01-13T20:41:15+00:00\",\"mainEntityOfPage\":{\"@id\":\"https:\/\/www.idesa.com.py\/blog\/vivir-el-verano-en-cordillera-ciudades-que-invitan-a-disfrutar-la-temporada-con-mas-calma-y-conexion\/\"},\"wordCount\":670,\"publisher\":{\"@id\":\"https:\/\/www.idesa.com.py\/blog\/#organization\"},\"image\":{\"@id\":\"https:\/\/www.idesa.com.py\/blog\/vivir-el-verano-en-cordillera-ciudades-que-invitan-a-disfrutar-la-temporada-con-mas-calma-y-conexion\/#primaryimage\"},\"thumbnailUrl\":\"https:\/\/www.idesa.com.py\/blog\/wp-content\/uploads\/2026\/01\/mirador-de-piri.jpg\",\"keywords\":[\"ciudades tranquilas de Paraguay\",\"verano en Cordillera Paraguay\",\"vivir en Cordillera\"],\"articleSection\":[\"Intereses\",\"Noticias\"],\"inLanguage\":\"es\"},{\"@type\":\"WebPage\",\"@id\":\"https:\/\/www.idesa.com.py\/blog\/vivir-el-verano-en-cordillera-ciudades-que-invitan-a-disfrutar-la-temporada-con-mas-calma-y-conexion\/\",\"url\":\"https:\/\/www.idesa.com.py\/blog\/vivir-el-verano-en-cordillera-ciudades-que-invitan-a-disfrutar-la-temporada-con-mas-calma-y-conexion\/\",\"name\":\"Vivir el verano en Cordillera: ciudades que invitan a disfrutar la temporada con m\u00e1s calma y conexi\u00f3n. - Blog Inmobiliaria del Este\",\"isPartOf\":{\"@id\":\"https:\/\/www.idesa.com.py\/blog\/#website\"},\"primaryImageOfPage\":{\"@id\":\"https:\/\/www.idesa.com.py\/blog\/vivir-el-verano-en-cordillera-ciudades-que-invitan-a-disfrutar-la-temporada-con-mas-calma-y-conexion\/#primaryimage\"},\"image\":{\"@id\":\"https:\/\/www.idesa.com.py\/blog\/vivir-el-verano-en-cordillera-ciudades-que-invitan-a-disfrutar-la-temporada-con-mas-calma-y-conexion\/#primaryimage\"},\"thumbnailUrl\":\"https:\/\/www.idesa.com.py\/blog\/wp-content\/uploads\/2026\/01\/mirador-de-piri.jpg\",\"datePublished\":\"2026-01-13T20:41:14+00:00\",\"dateModified\":\"2026-01-13T20:41:15+00:00\",\"description\":\"Descubr\u00ed c\u00f3mo se vive el verano en Cordillera. Altos, Eusebio Ayala, Yt\u00fa, Piribebuy y Loma Grande: ciudades con naturaleza, calma y proyecci\u00f3n para una vida diferente.\",\"breadcrumb\":{\"@id\":\"https:\/\/www.idesa.com.py\/blog\/vivir-el-verano-en-cordillera-ciudades-que-invitan-a-disfrutar-la-temporada-con-mas-calma-y-conexion\/#breadcrumb\"},\"inLanguage\":\"es\",\"potentialAction\":[{\"@type\":\"ReadAction\",\"target\":[\"https:\/\/www.idesa.com.py\/blog\/vivir-el-verano-en-cordillera-ciudades-que-invitan-a-disfrutar-la-temporada-con-mas-calma-y-conexion\/\"]}]},{\"@type\":\"ImageObject\",\"inLanguage\":\"es\",\"@id\":\"https:\/\/www.idesa.com.py\/blog\/vivir-el-verano-en-cordillera-ciudades-que-invitan-a-disfrutar-la-temporada-con-mas-calma-y-conexion\/#primaryimage\",\"url\":\"https:\/\/www.idesa.com.py\/blog\/wp-content\/uploads\/2026\/01\/mirador-de-piri.jpg\",\"contentUrl\":\"https:\/\/www.idesa.com.py\/blog\/wp-content\/uploads\/2026\/01\/mirador-de-piri.jpg\",\"width\":1023,\"height\":563,\"caption\":\"Vivir el verano en Cordillera | Ciudades tranquilas de Paraguay\"},{\"@type\":\"BreadcrumbList\",\"@id\":\"https:\/\/www.idesa.com.py\/blog\/vivir-el-verano-en-cordillera-ciudades-que-invitan-a-disfrutar-la-temporada-con-mas-calma-y-conexion\/#breadcrumb\",\"itemListElement\":[{\"@type\":\"ListItem\",\"position\":1,\"name\":\"Inicio\",\"item\":\"https:\/\/www.idesa.com.py\/blog\/\"},{\"@type\":\"ListItem\",\"position\":2,\"name\":\"Vivir el verano en Cordillera: ciudades que invitan a disfrutar la temporada con m\u00e1s calma y conexi\u00f3n.\"}]},{\"@type\":\"WebSite\",\"@id\":\"https:\/\/www.idesa.com.py\/blog\/#website\",\"url\":\"https:\/\/www.idesa.com.py\/blog\/\",\"name\":\"Blog IDESA\",\"description\":\"Inmobiliaria del Este - M\u00e1ximo Respaldo a tu inversi\u00f3n\",\"publisher\":{\"@id\":\"https:\/\/www.idesa.com.py\/blog\/#organization\"},\"potentialAction\":[{\"@type\":\"SearchAction\",\"target\":{\"@type\":\"EntryPoint\",\"urlTemplate\":\"https:\/\/www.idesa.com.py\/blog\/?s={search_term_string}\"},\"query-input\":{\"@type\":\"PropertyValueSpecification\",\"valueRequired\":true,\"valueName\":\"search_term_string\"}}],\"inLanguage\":\"es\"},{\"@type\":\"Organization\",\"@id\":\"https:\/\/www.idesa.com.py\/blog\/#organization\",\"name\":\"Blog IDESA\",\"url\":\"https:\/\/www.idesa.com.py\/blog\/\",\"logo\":{\"@type\":\"ImageObject\",\"inLanguage\":\"es\",\"@id\":\"https:\/\/www.idesa.com.py\/blog\/#\/schema\/logo\/image\/\",\"url\":\"https:\/\/www.idesa.com.py\/blog\/wp-content\/uploads\/2024\/05\/cropped-Proyecto-nuevo-1.png\",\"contentUrl\":\"https:\/\/www.idesa.com.py\/blog\/wp-content\/uploads\/2024\/05\/cropped-Proyecto-nuevo-1.png\",\"width\":512,\"height\":512,\"caption\":\"Blog IDESA\"},\"image\":{\"@id\":\"https:\/\/www.idesa.com.py\/blog\/#\/schema\/logo\/image\/\"},\"sameAs\":[\"https:\/\/www.facebook.com\/IdesaPY\",\"https:\/\/x.com\/Idesa_py\",\"https:\/\/www.instagram.com\/inmobiliariadeleste\/\"]},{\"@type\":\"Person\",\"@id\":\"https:\/\/www.idesa.com.py\/blog\/#\/schema\/person\/d9d4ffc5c2216b8c269af4e242e7409b\",\"name\":\"Gabriela Gimenez\",\"image\":{\"@type\":\"ImageObject\",\"inLanguage\":\"es\",\"@id\":\"https:\/\/www.idesa.com.py\/blog\/#\/schema\/person\/image\/\",\"url\":\"https:\/\/secure.gravatar.com\/avatar\/7f72d979bebc7f5bf910f8e2a76e08e9c82cbf005fe0d907794fd32d0e3b823b?s=96&d=mm&r=g\",\"contentUrl\":\"https:\/\/secure.gravatar.com\/avatar\/7f72d979bebc7f5bf910f8e2a76e08e9c82cbf005fe0d907794fd32d0e3b823b?s=96&d=mm&r=g\",\"caption\":\"Gabriela Gimenez\"}}]}<\/script>\n<!-- \/ Yoast SEO plugin. -->","yoast_head_json":{"title":"Vivir el verano en Cordillera: ciudades que invitan a disfrutar la temporada con m\u00e1s calma y conexi\u00f3n. - Blog Inmobiliaria del Este","description":"Descubr\u00ed c\u00f3mo se vive el verano en Cordillera. Altos, Eusebio Ayala, Yt\u00fa, Piribebuy y Loma Grande: ciudades con naturaleza, calma y proyecci\u00f3n para una vida diferente.","robots":{"index":"noindex","follow":"follow","max-snippet":"max-snippet:-1","max-image-preview":"max-image-preview:large","max-video-preview":"max-video-preview:-1"},"og_locale":"es_MX","og_type":"article","og_title":"Vivir el verano en Cordillera: ciudades que invitan a disfrutar la temporada con m\u00e1s calma y conexi\u00f3n. - Blog Inmobiliaria del Este","og_description":"Descubr\u00ed c\u00f3mo se vive el verano en Cordillera. Altos, Eusebio Ayala, Yt\u00fa, Piribebuy y Loma Grande: ciudades con naturaleza, calma y proyecci\u00f3n para una vida diferente.","og_url":"https:\/\/www.idesa.com.py\/blog\/vivir-el-verano-en-cordillera-ciudades-que-invitan-a-disfrutar-la-temporada-con-mas-calma-y-conexion\/","og_site_name":"Blog Inmobiliaria del Este","article_publisher":"https:\/\/www.facebook.com\/IdesaPY","article_published_time":"2026-01-13T20:41:14+00:00","article_modified_time":"2026-01-13T20:41:15+00:00","og_image":[{"width":1023,"height":563,"url":"https:\/\/www.idesa.com.py\/blog\/wp-content\/uploads\/2026\/01\/mirador-de-piri.jpg","type":"image\/jpeg"}],"author":"Gabriela Gimenez","twitter_card":"summary_large_image","twitter_creator":"@Idesa_py","twitter_site":"@Idesa_py","twitter_misc":{"Escrito por":"Gabriela Gimenez","Tiempo de lectura":"5 minutos"},"schema":{"@context":"https:\/\/schema.org","@graph":[{"@type":"Article","@id":"https:\/\/www.idesa.com.py\/blog\/vivir-el-verano-en-cordillera-ciudades-que-invitan-a-disfrutar-la-temporada-con-mas-calma-y-conexion\/#article","isPartOf":{"@id":"https:\/\/www.idesa.com.py\/blog\/vivir-el-verano-en-cordillera-ciudades-que-invitan-a-disfrutar-la-temporada-con-mas-calma-y-conexion\/"},"author":{"name":"Gabriela Gimenez","@id":"https:\/\/www.idesa.com.py\/blog\/#\/schema\/person\/d9d4ffc5c2216b8c269af4e242e7409b"},"headline":"Vivir el verano en Cordillera: ciudades que invitan a disfrutar la temporada con m\u00e1s calma y conexi\u00f3n.","datePublished":"2026-01-13T20:41:14+00:00","dateModified":"2026-01-13T20:41:15+00:00","mainEntityOfPage":{"@id":"https:\/\/www.idesa.com.py\/blog\/vivir-el-verano-en-cordillera-ciudades-que-invitan-a-disfrutar-la-temporada-con-mas-calma-y-conexion\/"},"wordCount":670,"publisher":{"@id":"https:\/\/www.idesa.com.py\/blog\/#organization"},"image":{"@id":"https:\/\/www.idesa.com.py\/blog\/vivir-el-verano-en-cordillera-ciudades-que-invitan-a-disfrutar-la-temporada-con-mas-calma-y-conexion\/#primaryimage"},"thumbnailUrl":"https:\/\/www.idesa.com.py\/blog\/wp-content\/uploads\/2026\/01\/mirador-de-piri.jpg","keywords":["ciudades tranquilas de Paraguay","verano en Cordillera Paraguay","vivir en Cordillera"],"articleSection":["Intereses","Noticias"],"inLanguage":"es"},{"@type":"WebPage","@id":"https:\/\/www.idesa.com.py\/blog\/vivir-el-verano-en-cordillera-ciudades-que-invitan-a-disfrutar-la-temporada-con-mas-calma-y-conexion\/","url":"https:\/\/www.idesa.com.py\/blog\/vivir-el-verano-en-cordillera-ciudades-que-invitan-a-disfrutar-la-temporada-con-mas-calma-y-conexion\/","name":"Vivir el verano en Cordillera: ciudades que invitan a disfrutar la temporada con m\u00e1s calma y conexi\u00f3n. - Blog Inmobiliaria del Este","isPartOf":{"@id":"https:\/\/www.idesa.com.py\/blog\/#website"},"primaryImageOfPage":{"@id":"https:\/\/www.idesa.com.py\/blog\/vivir-el-verano-en-cordillera-ciudades-que-invitan-a-disfrutar-la-temporada-con-mas-calma-y-conexion\/#primaryimage"},"image":{"@id":"https:\/\/www.idesa.com.py\/blog\/vivir-el-verano-en-cordillera-ciudades-que-invitan-a-disfrutar-la-temporada-con-mas-calma-y-conexion\/#primaryimage"},"thumbnailUrl":"https:\/\/www.idesa.com.py\/blog\/wp-content\/uploads\/2026\/01\/mirador-de-piri.jpg","datePublished":"2026-01-13T20:41:14+00:00","dateModified":"2026-01-13T20:41:15+00:00","description":"Descubr\u00ed c\u00f3mo se vive el verano en Cordillera. Altos, Eusebio Ayala, Yt\u00fa, Piribebuy y Loma Grande: ciudades con naturaleza, calma y proyecci\u00f3n para una vida diferente.","breadcrumb":{"@id":"https:\/\/www.idesa.com.py\/blog\/vivir-el-verano-en-cordillera-ciudades-que-invitan-a-disfrutar-la-temporada-con-mas-calma-y-conexion\/#breadcrumb"},"inLanguage":"es","potentialAction":[{"@type":"ReadAction","target":["https:\/\/www.idesa.com.py\/blog\/vivir-el-verano-en-cordillera-ciudades-que-invitan-a-disfrutar-la-temporada-con-mas-calma-y-conexion\/"]}]},{"@type":"ImageObject","inLanguage":"es","@id":"https:\/\/www.idesa.com.py\/blog\/vivir-el-verano-en-cordillera-ciudades-que-invitan-a-disfrutar-la-temporada-con-mas-calma-y-conexion\/#primaryimage","url":"https:\/\/www.idesa.com.py\/blog\/wp-content\/uploads\/2026\/01\/mirador-de-piri.jpg","contentUrl":"https:\/\/www.idesa.com.py\/blog\/wp-content\/uploads\/2026\/01\/mirador-de-piri.jpg","width":1023,"height":563,"caption":"Vivir el verano en Cordillera | Ciudades tranquilas de Paraguay"},{"@type":"BreadcrumbList","@id":"https:\/\/www.idesa.com.py\/blog\/vivir-el-verano-en-cordillera-ciudades-que-invitan-a-disfrutar-la-temporada-con-mas-calma-y-conexion\/#breadcrumb","itemListElement":[{"@type":"ListItem","position":1,"name":"Inicio","item":"https:\/\/www.idesa.com.py\/blog\/"},{"@type":"ListItem","position":2,"name":"Vivir el verano en Cordillera: ciudades que invitan a disfrutar la temporada con m\u00e1s calma y conexi\u00f3n."}]},{"@type":"WebSite","@id":"https:\/\/www.idesa.com.py\/blog\/#website","url":"https:\/\/www.idesa.com.py\/blog\/","name":"Blog IDESA","description":"Inmobiliaria del Este - M\u00e1ximo Respaldo a tu inversi\u00f3n","publisher":{"@id":"https:\/\/www.idesa.com.py\/blog\/#organization"},"potentialAction":[{"@type":"SearchAction","target":{"@type":"EntryPoint","urlTemplate":"https:\/\/www.idesa.com.py\/blog\/?s={search_term_string}"},"query-input":{"@type":"PropertyValueSpecification","valueRequired":true,"valueName":"search_term_string"}}],"inLanguage":"es"},{"@type":"Organization","@id":"https:\/\/www.idesa.com.py\/blog\/#organization","name":"Blog IDESA","url":"https:\/\/www.idesa.com.py\/blog\/","logo":{"@type":"ImageObject","inLanguage":"es","@id":"https:\/\/www.idesa.com.py\/blog\/#\/schema\/logo\/image\/","url":"https:\/\/www.idesa.com.py\/blog\/wp-content\/uploads\/2024\/05\/cropped-Proyecto-nuevo-1.png","contentUrl":"https:\/\/www.idesa.com.py\/blog\/wp-content\/uploads\/2024\/05\/cropped-Proyecto-nuevo-1.png","width":512,"height":512,"caption":"Blog IDESA"},"image":{"@id":"https:\/\/www.idesa.com.py\/blog\/#\/schema\/logo\/image\/"},"sameAs":["https:\/\/www.facebook.com\/IdesaPY","https:\/\/x.com\/Idesa_py","https:\/\/www.instagram.com\/inmobiliariadeleste\/"]},{"@type":"Person","@id":"https:\/\/www.idesa.com.py\/blog\/#\/schema\/person\/d9d4ffc5c2216b8c269af4e242e7409b","name":"Gabriela Gimenez","image":{"@type":"ImageObject","inLanguage":"es","@id":"https:\/\/www.idesa.com.py\/blog\/#\/schema\/person\/image\/","url":"https:\/\/secure.gravatar.com\/avatar\/7f72d979bebc7f5bf910f8e2a76e08e9c82cbf005fe0d907794fd32d0e3b823b?s=96&d=mm&r=g","contentUrl":"https:\/\/secure.gravatar.com\/avatar\/7f72d979bebc7f5bf910f8e2a76e08e9c82cbf005fe0d907794fd32d0e3b823b?s=96&d=mm&r=g","caption":"Gabriela Gimenez"}}]}},"_links":{"self":[{"href":"https:\/\/www.idesa.com.py\/blog\/wp-json\/wp\/v2\/posts\/2934","targetHints":{"allow":["GET"]}}],"collection":[{"href":"https:\/\/www.idesa.com.py\/blog\/wp-json\/wp\/v2\/posts"}],"about":[{"href":"https:\/\/www.idesa.com.py\/blog\/wp-json\/wp\/v2\/types\/post"}],"author":[{"embeddable":true,"href":"https:\/\/www.idesa.com.py\/blog\/wp-json\/wp\/v2\/users\/990004"}],"replies":[{"embeddable":true,"href":"https:\/\/www.idesa.com.py\/blog\/wp-json\/wp\/v2\/comments?post=2934"}],"version-history":[{"count":4,"href":"https:\/\/www.idesa.com.py\/blog\/wp-json\/wp\/v2\/posts\/2934\/revisions"}],"predecessor-version":[{"id":2950,"href":"https:\/\/www.idesa.com.py\/blog\/wp-json\/wp\/v2\/posts\/2934\/revisions\/2950"}],"wp:featuredmedia":[{"embeddable":true,"href":"https:\/\/www.idesa.com.py\/blog\/wp-json\/wp\/v2\/media\/2944"}],"wp:attachment":[{"href":"https:\/\/www.idesa.com.py\/blog\/wp-json\/wp\/v2\/media?parent=2934"}],"wp:term":[{"taxonomy":"category","embeddable":true,"href":"https:\/\/www.idesa.com.py\/blog\/wp-json\/wp\/v2\/categories?post=2934"},{"taxonomy":"post_tag","embeddable":true,"href":"https:\/\/www.idesa.com.py\/blog\/wp-json\/wp\/v2\/tags?post=2934"}],"curies":[{"name":"wp","href":"https:\/\/api.w.org\/{rel}","templated":true}]}}